{"id":272,"date":"2015-06-30T20:42:22","date_gmt":"2015-06-30T19:42:22","guid":{"rendered":"http:\/\/svwolfersweiler.de\/blog\/?p=272"},"modified":"2015-07-02T06:35:07","modified_gmt":"2015-07-02T05:35:07","slug":"272","status":"publish","type":"post","link":"https:\/\/svwolfersweiler.de\/blog\/blog\/2015\/06\/30\/272\/","title":{"rendered":"Bericht zum &#8222;Europapokalspiel&#8220;"},"content":{"rendered":"<p style=\"text-align: justify;\">Hallo WoGi`s, am vergangenen Samstag trat eine bunt gemischte WoGi-Mannschaft in Stra\u00dfburg auf die 1.Mannschaft des AS Neudorf. Bei hochsommerlichen Temperaturen entwickelte sich ein ansehnliches Spiel beider Teams. Bereits nach 2 Minuten gingen wir durch einen sehenswerten Angriff mit 1:0 in F\u00fchrung. Unser spanischer Neuzugang Ahmed bediente die rechte Au\u00dfenbahn musterg\u00fcltig, von wo aus Denis Weidl den Ball gekont hinter die gegnerische Abwehr flankte u<span class=\"text_exposed_show\">nd unser Freddy Staudt nur noch einschieben musste. In der Folge wurde viel gewechselt und die Sommerpause machte sich bemerkbar. Nach dem es mit 1:1 in die Halbzeit ging drehten die heimischen Franzosen auf und siegten mit 4:1. Dennoch verlief die Partie fast wie sich die Verantwortlichen das vorgestellt haben. Wichtiger vielleicht war die Freundschaftspflege mit dem AS Neudorf, der uns zu diesem &#8222;Plesier-Spiel&#8220; herzlich empfing, allen voran unser Freund Alfons mit seinen Vorstandskollegen. Alles in allem also ein gelungener Tag beim Europapokal.Hinspiel, f\u00fcr alle Spieler und Mitreisenden Fans. Auch die einst\u00fcndige D\u00fcrreperiode auf der wundersch\u00f6nen Sportanlage des ASN haben alle gerade so \u00fcberlebt.<br \/>\n<\/span><\/p>\n<p style=\"text-align: justify;\"><span class=\"text_exposed_show\">Und mit dem Ausw\u00e4rtstor im R\u00fccken ist noch alles drin, wenn der AS Neudorf in den n\u00e4chsten Jahren zur Revanche an die Freisbach kommt.<br \/>\nAm Mittwoch starten unsere WoGis in die Vorbereitung! Vielleicht schafft es der ein oder andere Fan und G\u00f6nner auf unsere Sportanlage und &#8222;begutachtet&#8220; unsere Teams der neuen Saison. Bombi hat bestimmt kalte Getr\u00e4nke&#8230;&#8230; (kf, Inhalt aus Facebook)<br \/>\n<\/span><\/p>\n<p><a href=\"https:\/\/svwolfersweiler.de\/blog\/wp-content\/uploads\/2015\/06\/Mannschaftsfoto-e1435693212196.jpg\"><img loading=\"lazy\" decoding=\"async\" class=\" size-full wp-image-273 alignleft\" src=\"https:\/\/svwolfersweiler.de\/blog\/wp-content\/uploads\/2015\/06\/Mannschaftsfoto-e1435693212196.jpg\" alt=\"Mannschaftsfoto\" width=\"500\" height=\"375\" \/><\/a><\/p>\n<p>&nbsp;<\/p>\n<p>&nbsp;<\/p>\n<p>&nbsp;<br \/>\n<em>Gemeinssames Mannschaftsfoto<\/em><\/p>\n<p>&nbsp;<\/p>\n<p>&nbsp;<\/p>\n<p>&nbsp;<\/p>\n<p>&nbsp;<\/p>\n<p>&nbsp;<\/p>\n<p><a href=\"https:\/\/svwolfersweiler.de\/blog\/wp-content\/uploads\/2015\/06\/Tanz-e1435693290463.jpg\"><img loading=\"lazy\" decoding=\"async\" class=\"alignleft size-full wp-image-275\" src=\"https:\/\/svwolfersweiler.de\/blog\/wp-content\/uploads\/2015\/06\/Tanz-e1435693290463.jpg\" alt=\"Tanz\" width=\"500\" height=\"375\" \/><\/a><\/p>\n<p>&nbsp;<\/p>\n<p>&nbsp;<br \/>\n<em>Tanz zur Er\u00f6ffnung der 90-Jahr-Feier<\/em><\/p>\n","protected":false},"excerpt":{"rendered":"<p>Hallo WoGi`s, am vergangenen Samstag trat eine bunt gemischte WoGi-Mannschaft in Stra\u00dfburg auf die 1.Mannschaft des AS Neudorf. Bei hochsommerlichen Temperaturen entwickelte sich ein ansehnliches Spiel beider Teams. Bereits nach 2 Minuten gingen wir durch einen sehenswerten Angriff mit 1:0 in F\u00fchrung. Unser spanischer Neuzugang Ahmed bediente die rechte Au\u00dfenbahn musterg\u00fcltig, von wo aus Denis Weidl den Ball gekont hinter die gegnerische Abwehr flankte und unser Freddy Staudt nur noch einschieben musste. In der Folge wurde viel gewechselt und die Sommerpause machte sich bemerkbar. Nach dem es mit 1:1 in die Halbzeit ging drehten die heimischen Franzosen auf und siegten mit 4:1. Dennoch verlief die Partie fast wie sich die Verantwortlichen das vorgestellt haben. Wichtiger vielleicht war die Freundschaftspflege mit dem AS Neudorf, der uns zu diesem &#8222;Plesier-Spiel&#8220; herzlich empfing, allen voran unser Freund Alfons mit seinen Vorstandskollegen. Alles in allem also ein gelungener Tag beim Europapokal.Hinspiel, f\u00fcr alle Spieler&#8230;<br \/><a class=\"read-more-button\" href=\"https:\/\/svwolfersweiler.de\/blog\/blog\/2015\/06\/30\/272\/\">Read more<\/a><\/p>\n","protected":false},"author":1,"featured_media":0,"comment_status":"open","ping_status":"open","sticky":false,"template":"","format":"standard","meta":{"_crdt_document":"","footnotes":""},"categories":[1],"tags":[],"class_list":["post-272","post","type-post","status-publish","format-standard","hentry","category-allgemein"],"_links":{"self":[{"href":"https:\/\/svwolfersweiler.de\/blog\/wp-json\/wp\/v2\/posts\/272","targetHints":{"allow":["GET"]}}],"collection":[{"href":"https:\/\/svwolfersweiler.de\/blog\/wp-json\/wp\/v2\/posts"}],"about":[{"href":"https:\/\/svwolfersweiler.de\/blog\/wp-json\/wp\/v2\/types\/post"}],"author":[{"embeddable":true,"href":"https:\/\/svwolfersweiler.de\/blog\/wp-json\/wp\/v2\/users\/1"}],"replies":[{"embeddable":true,"href":"https:\/\/svwolfersweiler.de\/blog\/wp-json\/wp\/v2\/comments?post=272"}],"version-history":[{"count":9,"href":"https:\/\/svwolfersweiler.de\/blog\/wp-json\/wp\/v2\/posts\/272\/revisions"}],"predecessor-version":[{"id":293,"href":"https:\/\/svwolfersweiler.de\/blog\/wp-json\/wp\/v2\/posts\/272\/revisions\/293"}],"wp:attachment":[{"href":"https:\/\/svwolfersweiler.de\/blog\/wp-json\/wp\/v2\/media?parent=272"}],"wp:term":[{"taxonomy":"category","embeddable":true,"href":"https:\/\/svwolfersweiler.de\/blog\/wp-json\/wp\/v2\/categories?post=272"},{"taxonomy":"post_tag","embeddable":true,"href":"https:\/\/svwolfersweiler.de\/blog\/wp-json\/wp\/v2\/tags?post=272"}],"curies":[{"name":"wp","href":"https:\/\/api.w.org\/{rel}","templated":true}]}}